{"id":10218,"date":"2021-08-14T22:29:50","date_gmt":"2021-08-14T22:29:50","guid":{"rendered":"https:\/\/www.povodedeus.org\/v5\/?p=10218"},"modified":"2021-08-22T14:02:43","modified_gmt":"2021-08-22T14:02:43","slug":"encontro-geral-2020-1a-reuniao-encontro-2020","status":"publish","type":"post","link":"https:\/\/www.povodedeus.org\/v5\/?p=10218","title":{"rendered":"Encontro Geral 2020 &#8211; 1\u00aa Reuni\u00e3o \u2013 Encontro 2020"},"content":{"rendered":"\n<figure class=\"wp-block-audio\"><audio controls src=\"http:\/\/www.povodedeus.org\/v4\/reuniao\/2020\/1-REUNIAO-SAB.mp3\"><\/audio><\/figure>\n\n\n\n<p><a href=\"http:\/\/www.povodedeus.org\/v4\/reuniao\/2020\/1-REUNIAO-SAB.mp3\">1\u00aa Reuni\u00e3o \u2013 Encontro 2020<\/a><\/p>\n\n\n\n<p>Abertura<\/p>\n\n\n\n<h1><a>1\u00aa Reuni\u00e3o \u2013 Encontro 2020<\/a><\/h1>\n\n\n\n<h1><a>1\u00aa Reuni\u00e3o \u2013 Encontro 2020<\/a> &#8211; Abertura<\/h1>\n\n\n\n<p><strong>A Igreja dos \u00faltimos dias<\/strong><\/p>\n\n\n\n<p>Est\u00e3o na cantina 4 livros reeditados. Os \u00faltimos dois eu andei olhando&#8230;, \u00e9 muito importante que voc\u00ea leia. \u00c0s vezes, voc\u00ea j\u00e1 leu, j\u00e1 ouviu a reuni\u00e3o, mas pega o livro vai para o alojamento, para o sal\u00e3o, arruma um lugar para voc\u00ea sentar, ler e aproveitar o encontro, pois o encontro \u00e9 um retiro espiritual, \u00e9 para ser retiro espiritual. Aproveite o tempo, leia, medite e pense.<\/p>\n\n\n\n<p><a href=\"#_ftn1\">[1]<\/a>Esse livro \u00e9 muito interessante, inclusive eu o peguei e abri, hoje, na folha 51 e pergunt\u00e1vamos assim: \u201cComo foi a vis\u00e3o, Emanuela?\u201d. Eu nem a conhe\u00e7o, mas foi ela que teve a vis\u00e3o.<strong> (Leitura da vis\u00e3o):<\/strong><\/p>\n\n\n\n<p>Aconteceu quando est\u00e1vamos orando durante a reuni\u00e3o da tarde. Descia do c\u00e9u um homem montado num cavalo, suas vestes eram brancas e muito antigas, e dizia assim: \u201cDeus ouviu os clamores\u201d. Todos aqui estavam com cadeados e correntes, uns tinham mais, outros menos, mas todos tinham, e em v\u00e1rias partes do corpo: m\u00e3os, pernas, alguns at\u00e9 na boca. Em seguida, retirou de dentro da cela uma chave de ouro. Vendo que os cadeados estavam enferrujados, fiz a seguinte pergunta: \u201cEssa chave abre todos os cadeados?\u201d. Respondeu: \u201cEsta chave abre todas as cadeias\u201d e, imediatamente, se dirigiu a cada um, abrindo os cadeados e soltando as correntes\u201d (Ir. Emanuela).<\/p>\n\n\n\n<p><em>(O QUE VIMOS E OUVIMOS, VOLUME IV, PAG. 51).<\/em><\/p>\n\n\n\n<p><em>(Leitura da explica\u00e7\u00e3o sobre a vis\u00e3o):<\/em><\/p>\n\n\n\n<p>\u201cCadeados enferrujados, o que significa isso? Quer dizer que j\u00e1 estamos acostumados com a situa\u00e7\u00e3o de escravos, \u00e9 coisa bastante antiga, sen\u00e3o n\u00e3o estariam enferrujados. Apesar de tudo isso, gra\u00e7as a Deus pela vis\u00e3o, \u00e9 sinal de que muitos creram e foram libertos. Na primeira reuni\u00e3o, por exemplo, vimos aquela mulher que permaneceu prisioneira de Satan\u00e1s por dezoito anos. Quando Deus fala conosco como agora, \u00e9 apenas para entendermos, pois Ele alivia um pouco a situa\u00e7\u00e3o. Ao mostrar cadeados, correntes, trata-se, na verdade, de esp\u00edritos malignos que querem nos manter cativos, sob o dom\u00ednio do diabo, presos por v\u00edcios, enfermidades, ci\u00fames, invejas, vaidades e assim por diante\u201d.<\/p>\n\n\n\n<p><em>(O QUE VIMOS E OUVIMOS, VOLUME IV, PAG. 51).<\/em><\/p>\n\n\n\n<p>&nbsp;&nbsp;&nbsp;&nbsp;&nbsp;&nbsp;&nbsp;&nbsp;&nbsp;&nbsp;&nbsp; Coisas antigas, mas que continuam prejudicando. \u00c9 uma cadeia, \u00e9 uma corrente, \u00e9 um cadeado j\u00e1 enferrujado; aquela mulher tinha um problema e o problema durou na sua vida durante dezoito anos. Quantos de n\u00f3s, \u00e0s vezes, temos coisa dessa natureza? Quantos de n\u00f3s estamos, \u00e0s vezes, presos?<\/p>\n\n\n\n<p>&nbsp;&nbsp;&nbsp;&nbsp;&nbsp;&nbsp;&nbsp;&nbsp;&nbsp;&nbsp;&nbsp; Ent\u00e3o quem l\u00ea tem aqui<a href=\"#_ftn2\">[2]<\/a> a vis\u00e3o, nesse caso tamb\u00e9m a interpreta\u00e7\u00e3o da vis\u00e3o. \u00c9 muito interessante ent\u00e3o, eu li quando estava na casa da Marcela, li para ela e agora estou lendo para voc\u00eas. Quem ouviu isso fui eu, quem interpretou fui eu, no entanto, eu j\u00e1 li por duas vezes e quero ler mais vezes. Porque tamb\u00e9m a gente almo\u00e7a e janta todos os dias, no outro dia voc\u00ea tem fome e sede das mesmas coisas.<\/p>\n\n\n\n<p>&nbsp;&nbsp;&nbsp;&nbsp;&nbsp;&nbsp;&nbsp;&nbsp;&nbsp;&nbsp;&nbsp; Falar que voc\u00ea j\u00e1 leu: \u201cEu j\u00e1 li!\u201d, n\u00e3o \u00e9 isso. Isso aqui s\u00e3o reuni\u00f5es. \u00c9 como se voc\u00ea estivesse participando de uma reuni\u00e3o. <em>O Que Vimos e Ouvimos<\/em><a href=\"#_ftn3\"><em><strong>[3]<\/strong><\/em><\/a><em>:<\/em> o que \u201cVimos\u201d s\u00e3o as vis\u00f5es e o que \u201cOuvimos\u201d s\u00e3o as reuni\u00f5es que voc\u00ea ouve. N\u00e3o \u00e9 apenas contando uma hist\u00f3ria, s\u00e3o reuni\u00f5es e relatos feitos atrav\u00e9s da igreja com refer\u00eancia, com trechos. Ent\u00e3o, \u00e9 um alimento muito importante que a igreja deveria fazer uso, assim, como tem a caixinha de promessa, n\u00f3s temos feito coisas para ajudar a igreja. A caixinha de ora\u00e7\u00e3o desse ano n\u00e3o foi ainda poss\u00edvel finalizar, mas n\u00f3s vamos mandar para as igrejas. Na pr\u00f3xima semana vai estar pronta. At\u00e9 mesmo a quantidade de livros que n\u00f3s conseguimos \u00e9 bem pouca, n\u00e3o vai ser suficiente.<\/p>\n\n\n\n<p>&nbsp;&nbsp; &nbsp;&nbsp;&nbsp;&nbsp;&nbsp;&nbsp;&nbsp;&nbsp; Assim, voc\u00ea tem a caixa de ora\u00e7\u00e3o, a caixinha de promessas e quanto mais nos envolvermos melhor. Antes de sair de casa, ou antes de dormir pegue um livro e abre em algum lugar, qualquer um deles, tem uma reuni\u00e3o. Por exemplo, neste livro aqui, \u201cSob efic\u00e1cia de Deus ou de Satan\u00e1s?\u201d. L\u00ea e voc\u00ea vai adquirir. Leia uma p\u00e1gina, duas, tr\u00eas. Dormiu? Am\u00e9m, gra\u00e7as a Deus.<\/p>\n\n\n\n<p>&nbsp;&nbsp;&nbsp;&nbsp;&nbsp;&nbsp;&nbsp;&nbsp;&nbsp;&nbsp;&nbsp; Pegue isso como um h\u00e1bito para que voc\u00ea possa realmente alcan\u00e7ar o padr\u00e3o que Deus espera da igreja. Tudo \u00e9 feito no sentido de edificar a igreja, ajudar a igreja sobreviver. Principalmente nos dias de hoje, com muita informa\u00e7\u00e3o errada e com muitas coisas que tem sido para sujar.<\/p>\n\n\n\n<p>&nbsp;&nbsp;&nbsp;&nbsp;&nbsp;&nbsp;&nbsp;&nbsp;&nbsp;&nbsp;&nbsp; Nessa capa&#8230; \u00e9 daquele livro onde a \u00e1gua vem da fonte limpinha, mas quando ela come\u00e7a a correr, ela come\u00e7a a receber o esgoto, come\u00e7a a receber a sujeira e se torna corrompida.<\/p>\n\n\n\n<p>&nbsp; &nbsp;&nbsp;&nbsp;&nbsp;&nbsp;&nbsp;&nbsp;&nbsp;&nbsp; N\u00f3s estamos aqui tentando passar para igreja a \u00e1gua mais limpa poss\u00edvel. Am\u00e9m! Eu espero que voc\u00eas entendam a import\u00e2ncia da ajuda e do esfor\u00e7o que tem sido feito pela igreja que est\u00e1 em Goi\u00e2nia. Foram tr\u00eas semanas t\u00e3o dif\u00edceis para que n\u00f3s pud\u00e9ssemos estar aqui hoje. Na \u00faltima hora entendemos que n\u00e3o era poss\u00edvel ficar l\u00e1 no sal\u00e3o, n\u00e3o tinha condi\u00e7\u00e3o, a n\u00e3o ser que voc\u00eas queiram fazer a op\u00e7\u00e3o para l\u00e1. Eu n\u00e3o sei o que n\u00f3s vamos fazer no pr\u00f3ximo ano, a n\u00e3o ser que forremos o teto daqui (galp\u00e3o) para tirar o problema do barulho.<\/p>\n\n\n\n<p>&nbsp;&nbsp;&nbsp;&nbsp;&nbsp;&nbsp;&nbsp;&nbsp;&nbsp;&nbsp;&nbsp; Mas voc\u00eas observaram que \u00e9 feito todo ano melhorias no sentido de receber a igreja. Ampliou a cozinha e o alojamento, mesmo assim, n\u00e3o \u00e9 suficiente. Como que Jesus fazia? Ele n\u00e3o ficava correndo atr\u00e1s do povo, o povo que ficava correndo atr\u00e1s dEle. Ele n\u00e3o ficava arrumando lugar para receber o povo, muito pelo contr\u00e1rio, Ele ficava era saindo de perto do povo, fugindo do povo para ter um sossego. Porque o povo o queria 24 horas.<\/p>\n\n\n\n<p>&nbsp;&nbsp;&nbsp;&nbsp;&nbsp;&nbsp;&nbsp;&nbsp;&nbsp;&nbsp;&nbsp; Durante o encontro vamos falar sobre a igreja, sobre voc\u00eas. Se Deus quiser vamos falar sobre voc\u00eas, sobre a igreja. O que Deus espera de n\u00f3s? Que igreja, que povo voc\u00ea \u00e9? Am\u00e9m! Cada um em particular, eu sempre digo o seguinte, que coletivamente n\u00f3s somos a igreja, individualmente eu sou a igreja.<\/p>\n\n\n\n<p>&nbsp;&nbsp;&nbsp;&nbsp;&nbsp;&nbsp;&nbsp;&nbsp;&nbsp;&nbsp;&nbsp; Ent\u00e3o, eu sou a igreja. Voc\u00ea acende apenas uma l\u00e2mpada aqui e n\u00e3o \u00e9 suficiente. Tem dezoito l\u00e2mpadas aqui. Para n\u00f3s alcan\u00e7armos esta ilumina\u00e7\u00e3o teve que colocar dezoito l\u00e2mpadas, uma s\u00f3 n\u00e3o faria&#8230; Am\u00e9m!<\/p>\n\n\n\n<p>&nbsp;&nbsp;&nbsp;&nbsp;&nbsp;&nbsp;&nbsp;&nbsp;&nbsp;&nbsp;&nbsp; Deus disse que n\u00f3s somos a luz do mundo. Ent\u00e3o, eu n\u00e3o posso transferir a responsabilidade para os outros, e n\u00e3o posso transferir para ningu\u00e9m a responsabilidade de ser a igreja. Se n\u00f3s temos uma igreja, que \u00e9 a grande preocupa\u00e7\u00e3o nossa; se n\u00f3s temos uma igreja pobre em sinais, pobre em poder; se n\u00f3s temos uma igreja fraca; se n\u00f3s temos uma igreja como foi mostrado em algumas vis\u00f5es, n\u00f3s temos uma igreja como a&#8230; Foi visto uma mulher vestida s\u00f3 que ela n\u00e3o tinha a parte de tr\u00e1s. Ent\u00e3o, como ela n\u00e3o olhava atr\u00e1s e s\u00f3 olhava para frente, ela via que ela estava vestida, mas a veste cobria s\u00f3 a sua frente.&nbsp;&nbsp;&nbsp;&nbsp;&nbsp;&nbsp;&nbsp;<\/p>\n\n\n\n<p>&nbsp;&nbsp;&nbsp;&nbsp;&nbsp;&nbsp;&nbsp;&nbsp;&nbsp;&nbsp;&nbsp; A cal\u00e7a n\u00e3o tem a parte da frente e a de traz? A parte da frente existia, mas a parte de tr\u00e1s n\u00e3o. Ent\u00e3o, a retaguarda ficava exposta. N\u00f3s ficamos triste com isso. Eu fico muito triste com isso. Mostrando, ent\u00e3o, a vergonha da sua nudez. Mas n\u00e3o tem como voc\u00ea n\u00e3o dar raz\u00e3o para Deus.<\/p>\n\n\n\n<p>&nbsp;&nbsp;&nbsp;&nbsp;&nbsp;&nbsp;&nbsp;&nbsp;&nbsp;&nbsp;&nbsp; A igreja \u00e9 o sal da terra, \u00e9 a luz. \u201cV\u00f3s sois a luz do mundo; o sal da terra\u201d (Mateus 5:14), e o que vemos \u00e9 uma car\u00eancia muito grande, \u00e9 uma igreja \u201cmiser\u00e1vel, pobre, cega e nua\u201d, Apocalipse, cap\u00edtulo 3.<\/p>\n\n\n\n<p>&nbsp;&nbsp;&nbsp;&nbsp;&nbsp;&nbsp;&nbsp;&nbsp;&nbsp;&nbsp;&nbsp; Literalmente n\u00f3s estamos ficando cegos, n\u00e3o \u00e9, Walfredo? Cada dia que passa estamos perdendo um pouco da vis\u00e3o. O senhor Walfredo tamb\u00e9m est\u00e1 l\u00e1 com problema s\u00e9rio. Eu al\u00e9m de cego estou ficando surdo. Amilce reclama, mas fazer o qu\u00ea? Que isso n\u00e3o acontecesse com a igreja, mesmo que n\u00f3s fic\u00e1ssemos deficiente fisicamente, mas que n\u00f3s tiv\u00e9ssemos uma igreja. N\u00e3o \u00e9 Goi\u00e2nia! Ningu\u00e9m pode esperar por Goi\u00e2nia. Ela n\u00e3o est\u00e1 com essa bola toda. \u00c9 uma luta muito grande para mant\u00ea-la de p\u00e9. Am\u00e9m! Mas Deus deixou bem claro que a igreja do nosso tempo era a igreja de Laudic\u00e9ia, Apocalipse cap\u00edtulo 3, \u00e9 a \u00faltima.<\/p>\n\n\n\n<p>&nbsp;&nbsp;&nbsp;&nbsp;&nbsp;&nbsp;&nbsp;&nbsp;&nbsp;&nbsp;&nbsp; Em Apocalipse cap\u00edtulo 2:1, \u201cEscreve ao anjo da igreja que est\u00e1 em \u00c9feso [&#8230;]\u201d. Foi uma \u00e9poca que a igreja viveu, cada carta dessa \u00e9 para ao anjo da igreja que viveu naquela \u00e9poca. Deus se dirige ao anjo da igreja, a pessoa que ficou respons\u00e1vel ali pela igreja naquela \u00e9poca. Quando Deus levantou ali naquele tempo algu\u00e9m, por exemplo, o ap\u00f3stolo Paulo. Ele foi uma pessoa que Deus levantou ali para cuidar e para mudar muita coisa que estava acontecendo com a igreja naquele tempo. O ap\u00f3stolo Paulo revolucionou a igreja.<\/p>\n\n\n\n<p>&nbsp;&nbsp;&nbsp;&nbsp;&nbsp;&nbsp;&nbsp;&nbsp;&nbsp;&nbsp;&nbsp; Depois vieram outros anjos, ao anjo da igreja seguinte&#8230; Ent\u00e3o a igreja vem sobrevivendo ao longo dos tempos desde Cristo. A igreja nasce com Cristo. E ela \u00e9 a mesma desde Cristo at\u00e9 os dias de hoje. Na verdade, a igreja, a nossa Jerusal\u00e9m \u00e9 Celestial. O que significa isso? Ela est\u00e1 sendo edificada no c\u00e9u, nossa m\u00e3e que est\u00e1 no c\u00e9u. N\u00e3o \u00e9 Maria! \u00c9 a igreja que gera os filhos de Deus, e tem a igreja que est\u00e1 na terra. Quero que acompanhe comigo esse racioc\u00ednio.<\/p>\n\n\n\n<p>&nbsp;&nbsp;&nbsp;&nbsp;&nbsp;&nbsp;&nbsp;&nbsp;&nbsp;&nbsp;&nbsp; Vamos falar depois especificamente sobre alguns detalhes que podem dar muita confus\u00e3o, por exemplo, a quest\u00e3o da salva\u00e7\u00e3o. A igreja que est\u00e1 na terra, ela n\u00e3o est\u00e1 salva. Ela n\u00e3o pode deitar como se j\u00e1 estivesse salva. Am\u00e9m! A prega\u00e7\u00e3o, a palavra para a igreja que est\u00e1 na terra \u00e9 uma palavra dura, dif\u00edcil, que limpa, que tira os pecados, que lava e que purifica. Ela lava com sab\u00e3o do lavandeiro. \u00c9 uma lavagem&#8230;, \u00e9 uma coisa feita com certo rigor. Am\u00e9m!<\/p>\n\n\n\n<p>&nbsp;&nbsp;&nbsp;&nbsp;&nbsp;&nbsp;&nbsp;&nbsp;&nbsp;&nbsp;&nbsp; N\u00f3s temos uma igreja no c\u00e9u, a igreja que est\u00e1 no c\u00e9u com o nosso Pai, nosso Senhor. Am\u00e9m! E aqueles que est\u00e3o na terra, que quando sa\u00edrem da terra poder\u00e3o se juntar a igreja que est\u00e1 no c\u00e9u.<\/p>\n\n\n\n<p>&nbsp;&nbsp;&nbsp;&nbsp;&nbsp;&nbsp;&nbsp;&nbsp;&nbsp;&nbsp;&nbsp; Depois que morre toda a fam\u00edlia quer mandar para o c\u00e9u. Todos da fam\u00edlia n\u00e3o se conformam, pelo menos entre n\u00f3s, morreu algu\u00e9m da fam\u00edlia a gente gostaria tanto que aquela pessoa nossa fosse para o c\u00e9u, fosse salva.<\/p>\n\n\n\n<p>&nbsp;&nbsp;&nbsp;&nbsp;&nbsp;&nbsp;&nbsp;&nbsp;&nbsp;&nbsp;&nbsp; N\u00e3o pode deixar para aquela hora, para UTI. Pelo amor de Deus, n\u00e3o deixe na hora que estiver na UTI, n\u00e3o deixe para \u00faltima hora! Porque \u00e9 um risco muito grande, \u00e9 uma dificuldade muito grande e n\u00f3s n\u00e3o temos aqui uma igreja competente. Essa \u00e9 a grande preocupa\u00e7\u00e3o: n\u00f3s n\u00e3o temos uma igreja em condi\u00e7\u00f5es, muito pelo contr\u00e1rio, n\u00f3s temos uma igreja pobre, miser\u00e1vel, cega, nua, fraca e carente. N\u00e3o vamos negar. N\u00e3o adianta dizer que n\u00e3o. Observamos pelos sinais. Eu tenho certeza que o Walfredo, na igreja de Atos, n\u00e3o estaria com essa dificuldade para enxergar, teria sido curado.<\/p>\n\n\n\n<p>&nbsp;&nbsp;&nbsp;&nbsp;&nbsp;&nbsp;&nbsp;&nbsp;&nbsp;&nbsp;&nbsp; Quantos casos n\u00f3s temos tido de enfermidade, que tem causado muito choro da nossa parte. De ver que a igreja&#8230; parece que cada dia que passa em vez de brilhar, em vez de iluminar, parece que ela vai se conformando. Ela vai aceitando a imposi\u00e7\u00e3o do diabo, ela vai aceitando as dificuldades, deita e dorme. Cansada pela opress\u00e3o, pelas lutas, pelas tribula\u00e7\u00f5es e cansada do caminho, acaba deitando com a carga e se conformando e voltando a religiosidade, voltando apenas ao compromisso religioso.<\/p>\n\n\n\n<p>&nbsp;&nbsp;&nbsp;&nbsp;&nbsp;&nbsp;&nbsp;&nbsp;&nbsp;&nbsp;&nbsp; Quando na realidade Deus esperava mais de n\u00f3s. Por que Deus espera mais de n\u00f3s? Porque ele n\u00e3o gostaria que ningu\u00e9m se perdesse e que todos fossem salvos. Mas voc\u00ea mesmo vai me ajudar, responde para voc\u00ea mesmo se voc\u00ea tem sido a igreja, se voc\u00ea tem sido o sal da terra e se voc\u00ea tem sido uma luz forte para o mundo. Responde para n\u00f3s, para que eu n\u00e3o fique aqui com a consci\u00eancia pesada de estar acusando voc\u00eas.<\/p>\n\n\n\n<p>&nbsp;&nbsp;&nbsp;&nbsp;&nbsp;&nbsp;&nbsp;&nbsp;&nbsp;&nbsp;&nbsp; Ent\u00e3o, Adhemar, vamos nos acostumando com sonhos que n\u00e3o se realizam, vis\u00f5es que n\u00e3o se concretizam, palavras que v\u00e3o com vento, que s\u00e3o semeadas \u00e0 beira do caminho, que s\u00e3o semeadas em meio \u00e0s pedras e aos pedregulhos e que s\u00e3o semeadas entre os espinhos e se perdem.<\/p>\n\n\n\n<p>&nbsp;&nbsp;&nbsp;&nbsp;&nbsp;&nbsp;&nbsp;&nbsp;&nbsp;&nbsp;&nbsp; Dificilmente a palavra de Deus est\u00e1 encontrando uma terra boa, disposta a Deus. Deus est\u00e1 encontrando muita dificuldade, porque um tem que cuidar dos seus bois e das suas vacas, outros t\u00eam que cuidar dos seus neg\u00f3cios, outros t\u00eam que fazer isso ou aquilo, outros se casaram e repartiram o seu tempo e outros est\u00e3o compromissados em casamento.<\/p>\n\n\n\n<p>&nbsp;&nbsp;&nbsp;&nbsp;&nbsp;&nbsp;&nbsp;&nbsp;&nbsp;&nbsp;&nbsp; \u201cCasavam, vendiam, compravam e davam-se em casamento\u201d (Mateus 24:38). E aquela pessoa acaba se tornando incapaz, in\u00fatil, impossibilitada de resolver a quest\u00e3o, voc\u00eas concordam que n\u00f3s estamos precisando demais? Que \u00e9 por causa disso que a luz vai se apagando, vai se apagando&#8230; E a\u00ed acaba voltando a ideia de que seria eu, aqui no caso, respons\u00e1vel. Eu gostaria que todos fossem profetas, mestres, eu queria que a igreja estivesse aceitando e que eu pudesse dizer que a pr\u00f3xima reuni\u00e3o vai ser feito aqui pelo A,B,C. Mas, infelizmente, voc\u00ea n\u00e3o est\u00e1 apto, voc\u00ea n\u00e3o d\u00e1 a sua cara a tapa. Precisa, e precisava, voc\u00eas concordam? Am\u00e9m!<\/p>\n\n\n\n<p>&nbsp;&nbsp;&nbsp;&nbsp;&nbsp;&nbsp;&nbsp;&nbsp;&nbsp;&nbsp;&nbsp; Vamos curvar nossas cabe\u00e7as, Am\u00e9m!<\/p>\n\n\n\n<p>&nbsp;&nbsp;&nbsp;&nbsp;&nbsp;&nbsp;&nbsp;&nbsp;&nbsp;&nbsp;&nbsp; Am\u00e9m, Jesus, Pai nosso que estais no c\u00e9u. Senhor nosso Deus, que as palavras da minha boca n\u00e3o sejam minhas, que o meditar do meu cora\u00e7\u00e3o n\u00e3o seja da minha pr\u00f3pria vontade e interpreta\u00e7\u00e3o, mas que o Senhor, Jesus, venha nos ensinar, venha abrir os nossos olhos durante esse encontro. Venha, Jesus, falar abertamente conosco. Eu tenho certeza que todos aqui s\u00e3o filhos de Deus, pela f\u00e9, e que todos aqui creem na vida eterna, na ressurrei\u00e7\u00e3o da carne, na igreja Universal, na igreja que est\u00e1 no c\u00e9u, onde o Senhor \u00e9 a principal pedra. Onde o Senhor est\u00e1 edificando e construindo. Eu sei que a igreja que est\u00e1 aqui, Senhor, ela cr\u00ea e ela quer ser corrigida, ser orientada para que o nosso tempo n\u00e3o seja em v\u00e3o e perdido. Ajuda-nos, \u00f3 Pai, n\u00f3s te pedimos em nome de Jesus.<\/p>\n\n\n\n<p>&nbsp;&nbsp;&nbsp;&nbsp;&nbsp;&nbsp;&nbsp;&nbsp;&nbsp;&nbsp;&nbsp; Abra os nossos olhos, fa\u00e7a-nos entender, definitivamente, o motivo e a raz\u00e3o de toda essa dificuldade que vive hoje a igreja que est\u00e1 na terra, que vive os dias da sua carne e que passa, \u00f3 Deus, por essa grande tribula\u00e7\u00e3o.<\/p>\n\n\n\n<p>&nbsp;&nbsp;&nbsp;&nbsp;&nbsp;&nbsp;&nbsp;&nbsp;&nbsp;&nbsp;&nbsp; Que n\u00f3s aqui, \u00f3 Pai, n\u00e3o venhamos a pesar ainda mais o fardo que est\u00e1 sobre ela, a igreja terrena, mas tamb\u00e9m que n\u00e3o sejamos omissos, covardes a ponto de iludi-la e engan\u00e1-la em dizer o que o Senhor n\u00e3o disse, falar o que o Senhor n\u00e3o falou.<\/p>\n\n\n\n<p>&nbsp;&nbsp;&nbsp;&nbsp;&nbsp;&nbsp;&nbsp;&nbsp;&nbsp;&nbsp;&nbsp; Tenha miseric\u00f3rdia de mim, Jesus. Tenha miseric\u00f3rdia de mim. Que as palavras da minha boca agradem ao Senhor e que o meditar do meu cora\u00e7\u00e3o seja realmente o que o Senhor deseja. Am\u00e9m!<br><\/p>\n\n\n\n<hr class=\"wp-block-separator\"\/>\n\n\n\n<p><a href=\"#_ftnref1\">[1]<\/a> Apresenta\u00e7\u00e3o de alguns livros da reuni\u00e3o.<\/p>\n\n\n\n<p><a href=\"#_ftnref2\">[2]<\/a> Referindo-se aos livros da reuni\u00e3o.<\/p>\n\n\n\n<p><a href=\"#_ftnref3\">[3]<\/a> Referindo-se ao t\u00edtulo dos livros da reuni\u00e3o.<\/p>\n\n\n<p class=\"audioplayer_container\"><span style=\"display:block;padding:5px;border:1px solid #dddddd;background:#f8f8f8\" id=\"audioplayer_1\">Audio clip: Adobe Flash Player (version 9 or above) is required to play this audio clip. Download the latest version <a href=\"http:\/\/www.adobe.com\/shockwave\/download\/download.cgi?P1_Prod_Version=ShockwaveFlash&amp;promoid=BIOW\" title=\"Download Adobe Flash Player\">here<\/a>. You also need to have JavaScript enabled in your browser.<\/span><\/p>","protected":false},"excerpt":{"rendered":"<p>1\u00aa Reuni\u00e3o \u2013 Encontro 2020 Abertura 1\u00aa Reuni\u00e3o \u2013 Encontro 2020 1\u00aa Reuni\u00e3o \u2013 Encontro 2020 &#8211; Abertura A Igreja dos \u00faltimos dias Est\u00e3o na cantina 4 livros reeditados. Os \u00faltimos dois eu andei olhando&#8230;, \u00e9 muito importante que voc\u00ea leia. \u00c0s vezes, voc\u00ea j\u00e1 leu, j\u00e1 ouviu a reuni\u00e3o, mas pega o livro vai &#8230;<\/p>\n\n\n<p class=\"audioplayer_container\"><span style=\"display:block;padding:5px;border:1px solid #dddddd;background:#f8f8f8\" id=\"audioplayer_2\">Audio clip: Adobe Flash Player (version 9 or above) is required to play this audio clip. Download the latest version <a href=\"http:\/\/www.adobe.com\/shockwave\/download\/download.cgi?P1_Prod_Version=ShockwaveFlash&amp;promoid=BIOW\" title=\"Download Adobe Flash Player\">here<\/a>. You also need to have JavaScript enabled in your browser.<\/span><\/p>","protected":false},"author":1,"featured_media":0,"comment_status":"open","ping_status":"open","sticky":false,"template":"","format":"standard","meta":[],"categories":[140],"tags":[],"_links":{"self":[{"href":"https:\/\/www.povodedeus.org\/v5\/index.php?rest_route=\/wp\/v2\/posts\/10218"}],"collection":[{"href":"https:\/\/www.povodedeus.org\/v5\/index.php?rest_route=\/wp\/v2\/posts"}],"about":[{"href":"https:\/\/www.povodedeus.org\/v5\/index.php?rest_route=\/wp\/v2\/types\/post"}],"author":[{"embeddable":true,"href":"https:\/\/www.povodedeus.org\/v5\/index.php?rest_route=\/wp\/v2\/users\/1"}],"replies":[{"embeddable":true,"href":"https:\/\/www.povodedeus.org\/v5\/index.php?rest_route=%2Fwp%2Fv2%2Fcomments&post=10218"}],"version-history":[{"count":2,"href":"https:\/\/www.povodedeus.org\/v5\/index.php?rest_route=\/wp\/v2\/posts\/10218\/revisions"}],"predecessor-version":[{"id":10293,"href":"https:\/\/www.povodedeus.org\/v5\/index.php?rest_route=\/wp\/v2\/posts\/10218\/revisions\/10293"}],"wp:attachment":[{"href":"https:\/\/www.povodedeus.org\/v5\/index.php?rest_route=%2Fwp%2Fv2%2Fmedia&parent=10218"}],"wp:term":[{"taxonomy":"category","embeddable":true,"href":"https:\/\/www.povodedeus.org\/v5\/index.php?rest_route=%2Fwp%2Fv2%2Fcategories&post=10218"},{"taxonomy":"post_tag","embeddable":true,"href":"https:\/\/www.povodedeus.org\/v5\/index.php?rest_route=%2Fwp%2Fv2%2Ftags&post=10218"}],"curies":[{"name":"wp","href":"https:\/\/api.w.org\/{rel}","templated":true}]}}