{"id":10240,"date":"2021-08-14T23:12:17","date_gmt":"2021-08-14T23:12:17","guid":{"rendered":"https:\/\/www.povodedeus.org\/v5\/?p=10240"},"modified":"2021-08-27T18:54:08","modified_gmt":"2021-08-27T18:54:08","slug":"encontro-2020-12a-reuniao-encontro-2020","status":"publish","type":"post","link":"https:\/\/www.povodedeus.org\/v5\/?p=10240","title":{"rendered":"12 &#8211; Final do Encontro &#8211;  12\u00aa Reuni\u00e3o &#8211; Encontro 2020"},"content":{"rendered":"\n<p><a href=\"http:\/\/www.povodedeus.org\/v4\/reuniao\/2020\/12-REUNIAO-TER.mp3\">12\u00aa Reuni\u00e3o &#8211; Encontro 2020<\/a><\/p>\n\n\n\n<figure class=\"wp-block-audio\"><audio controls src=\"http:\/\/www.povodedeus.org\/v4\/reuniao\/2020\/12-REUNIAO-TER.mp3\"><\/audio><\/figure>\n\n\n\n<h1><a>12\u00aa Reuni\u00e3o \u2013 Encontro 2020<\/a><\/h1>\n\n\n\n<p><strong>Final do Encontro<\/strong><\/p>\n\n\n\n<p>Am\u00e9m! Ent\u00e3o, vamos. J\u00e1 partirmos para o final, eu acho que o que t\u00ednhamos para falar, o que Deus colocou na nossa boca para falar, com certeza, est\u00e1 falado. Nisso conhecemos que estamos Nele e Ele em n\u00f3s. Nisso conhecemos que estamos Nele, ou que somos a igreja, ou que somos o povo de Deus. Nisso conhecemos que estamos&nbsp; Nele e Ele, o Esp\u00edrito, em n\u00f3s, pois que nos deu do seu Esp\u00edrito. \u00c0s vezes, n\u00f3s n\u00e3o temos tudo de Deus, mas n\u00f3s temos de Deus. Ele tem nos dado tudo o que diz respeito \u00e0 salva\u00e7\u00e3o, ent\u00e3o \u201cenchei-vos do Esp\u00edrito de Deus\u201d (Ef\u00e9sios 5:18).<\/p>\n\n\n\n<p>Vimos e testificamos que o Pai enviou seu filho para ser o salvador do mundo, qualquer que confessar que Jesus \u00e9 o filho de Deus, Deus est\u00e1 nele e ele em Deus. E n\u00f3s conhecemos e cremos no amor que Deus tem por n\u00f3s. Deus \u00e9 caridade, \u00e9 amor, e quem est\u00e1 em caridade e amor est\u00e1 em Deus e Deus nele. Nisto \u00e9 perfeita a caridade para conosco, para que, no dia do ju\u00edzo, tenhamos confian\u00e7a, porque qual Ele \u00e9, somos n\u00f3s tamb\u00e9m neste mundo.<\/p>\n\n\n\n<p>Nisto \u00e9 perfeita a caridade para conosco, o amor de Deus para conosco, para que, no dia do ju\u00edzo, n\u00f3s tenhamos confian\u00e7a. E essa \u00e9 a confian\u00e7a que temos Nele: que, se pedirmos alguma coisa segundo a sua vontade, Ele nos ouve (I Jo\u00e3o 5:14). Ent\u00e3o, ao encerrarmos o encontro, vamos todos orar, sentados ou em p\u00e9, de forma calma, tranquila, cada um fazendo a sua ora\u00e7\u00e3o. Voc\u00ea vai orar, fazer a sua ora\u00e7\u00e3o, cada um do seu jeito, \u00e0 sua maneira, com a sua f\u00e9. Voc\u00ea vai pedir, como n\u00f3s dissemos agora, se n\u00f3s pedirmos e for da vontade d\u00b4Ele, Ele nos d\u00e1.<\/p>\n\n\n\n<p>Voc\u00ea pode pedir qualquer coisa, n\u00e3o precisa pedir s\u00f3 um dom, voc\u00ea pode pedir qualquer coisa. \u00c0s vezes, n\u00e3o \u00e9 agora que voc\u00ea se interessa por um dom, mas, \u00e0s vezes, tem outra coisa que voc\u00ea quer saber. Por exemplo, a dona Isabel pode perguntar para Deus: \u201cSenhor, e Melquisedeque, eu queria entender\u201d, um outro irm\u00e3ozinho disse: \u201ceu tenho dificuldade para orar\u201d. Voc\u00ea vai pedir ent\u00e3o: \u201cSenhor, me ensina a orar\u201d. Nem todos v\u00e3o pedir a mesma coisa, mas o que eu quero dizer \u00e9 que voc\u00ea pode pedir qualquer coisa. Pode ser uma sa\u00fade, pedir a cura de um doente, eu quero interceder por um parente, um filho, uma pessoa, aquilo que voc\u00ea gostaria hoje que Deus te desse, a convers\u00e3o&#8230;<\/p>\n\n\n\n<p>O certo \u00e9 que n\u00f3s vamos fazer a\u00ed uns cinco minutos de ora\u00e7\u00e3o, cada um. Depois de ter ouvido a palavra e nela crido, depois de ouvirmos o que n\u00f3s ouvimos, cada um com o seu entendimento. Se n\u00f3s nos reunirmos, vamos ver que ainda existe muita dificuldade, um pensa uma coisa, o outro pensa outra. N\u00f3s vamos ver que ainda n\u00e3o h\u00e1 uma unidade, mas claro que, talvez, n\u00f3s n\u00e3o vamos encontrar isso de uma hora para a outra.<\/p>\n\n\n\n<p>Os irm\u00e3os que v\u00e3o para Palmas, Para\u00edso, Mineiros, Fortaleza e etc. v\u00e3o continuar trabalhando no sentido de aproximar cada vez mais a igreja do Esp\u00edrito Santo, am\u00e9m? Dotar a igreja, se poss\u00edvel for, das virtudes do Esp\u00edrito Santo. Que cada pessoa, como parte do corpo, v\u00e1 contribuir para que a Igreja seja realmente como Deus quer que n\u00f3s sejamos, o povo que Deus quer que n\u00f3s sejamos. Am\u00e9m? Eu queria ent\u00e3o agradecer voc\u00eas pela presen\u00e7a, em nome do povo, da igreja aqui de Goi\u00e2nia, n\u00f3s depois iremos comunicar os pr\u00f3ximos passos que, com certeza, iremos dar se Deus quiser.<\/p>\n\n\n\n<p>Agradecer muito mesmo, de cora\u00e7\u00e3o, a todos voc\u00eas que estiveram presentes, pelo comportamento, a maneira que voc\u00eas procederam. N\u00f3s estamos chegando ao final, e eu me preocupei muito com muita coisa, mas gra\u00e7as a Deus que correu tudo bem at\u00e9 agora, e eu espero que possamos concluir, at\u00e9 que voc\u00eas cheguem em casa, em paz, tranquilos, que tenham aproveitado. Eu espero que o encontro que a Igreja de Goi\u00e2nia ofereceu tenha sido proveitoso para todos voc\u00eas. Esperamos boas novas das igrejas que estiveram aqui conosco, Pires do Rio, Orizona, Para\u00edso, Palmas, Fortaleza.<\/p>\n\n\n\n<p>E agrade\u00e7o tamb\u00e9m \u00e0 igreja de Goi\u00e2nia que, sem a ajuda, sem o empenho, ela fez muito trabalho, certamente a Suzane, a cozinha, s\u00e3o coisas assim. \u00c0s vezes, detalhes que o inimigo usa para nos impedir de fazer as coisas, mas Deus foi com a Suzane, foi com todos aqueles que se dispuseram a nos ajudar.<\/p>\n\n\n\n<p>Eu gostaria que alguns volunt\u00e1rios fizessem alguma observa\u00e7\u00e3o, alguma considera\u00e7\u00e3o, de cada igreja, de prefer\u00eancia os respons\u00e1veis, os l\u00edderes, os anci\u00e3os. Talvez n\u00e3o todos, porque nosso tempo \u00e9 curto, ent\u00e3o vamos orar e terminar. Quanto ao Esp\u00edrito, quanto ao dom, quanto \u00e0quilo que voc\u00ea espera de Deus, continue esperando. A mesa foi posta aqui com as pedras. Na outra vis\u00e3o, mostrou que os anjos est\u00e3o por a\u00ed com as sacolas cheias das pedras. A Priscila falou ontem que, na vis\u00e3o dela, ela enfiou a m\u00e3o l\u00e1 na sacola pra ver se as pedras estavam frias. Ent\u00e3o, na sua ora\u00e7\u00e3o voc\u00ea procure um anjo desses a\u00ed, voc\u00ea encosta na mesa e pega a pedra que voc\u00ea quiser pegar. Na sua ora\u00e7\u00e3o, voc\u00ea, sem sair do lugar, pode ter certeza que vai colocar a m\u00e3o em uma pedra. Eu espero que seja uma pedra preciosa. Am\u00e9m! E Deus prover\u00e1.<\/p>\n\n\n\n<p>Talvez a gente nem sabe ainda como \u00e9 ser espiritual. Ent\u00e3o, voc\u00ea vai aprender. \u00c9 como o irm\u00e3ozinho falou: \u201ccomo eu fa\u00e7o para orar?\u201d E eu falei pra ele: \u201corando\u201d. N\u00e3o tem outro jeito. Algu\u00e9m gostaria de fazer uma observa\u00e7\u00e3o \u00e0 respeito do que viu e ouviu? Igreja de Fortaleza?<\/p>\n\n\n\n[Adriano de Fortaleza] Am\u00e9m, irm\u00e3o. A gente tem aprendido que a palavra que Deus nos deixou escrita foi justamente para ajudar a igreja a caminhar e descobrir os mist\u00e9rios de Deus, mas somente para aqueles que acreditarem de verdade. E nela toda Deus tem dado a op\u00e7\u00e3o pra gente escolher. Eu n\u00e3o estou querendo pregar, s\u00f3 fazer uma \u201cressalvazinha\u201d rapidamente, que cada um de n\u00f3s tem a escolha, o direito de escolher. E como o senhor usou nesse encontro a refer\u00eancia da igreja de Laodic\u00e9ia, quando o anjo falou: \u201cescolha, eu queria que voc\u00ea fosse ou uma coisa ou outra, ou quente ou frio\u201d, ent\u00e3o essa op\u00e7\u00e3o que Deus sempre est\u00e1 dando nos mostra que Ele quer que a pessoa realmente tome a decis\u00e3o, n\u00e3o fique em cima do muro. Ent\u00e3o, n\u00f3s vamos sair daqui, eu acredito que toda Fortaleza e toda a Igreja que se encontra aqui, com essa vontade de realmente encontrar o Esp\u00edrito e que ele possa habitar, fazer parte da nossa vida, \u00e9 isso que Deus est\u00e1 querendo. Ele diz: \u201colha, voc\u00ea pode ser frio, mas, se voc\u00ea quiser, voc\u00ea pode ser quente tamb\u00e9m\u201d. Ent\u00e3o, voc\u00ea pode ter o esp\u00edrito, ou pode permanecer normal, como tudo mundo.&nbsp;<\/p>\n\n\n\n<p>Am\u00e9m. A pr\u00f3xima igreja, Para\u00edso.<\/p>\n\n\n\n[Irm\u00e3o de Para\u00edso] Am\u00e9m. Eu acredito, irm\u00e3o Rossini, que n\u00f3s chegamos aqui como foi falado: uma igreja pobre, cega e nua. E a gente tem possibilidade de sair daqui realmente em outra situa\u00e7\u00e3o. Uma igreja que com certeza pode levar, como Jesus falou: \u201caconselho que compre de mim ouro para que te enrique\u00e7as\u201d. Ent\u00e3o, eu acredito que a Igreja d\u00e1 pra sair daqui em outro estado. Rica, n\u00e3o com as coisas desse mundo, mas com as coisas de Deus, com o Esp\u00edrito de Deus.<\/p>\n\n\n\n<p>Am\u00e9m. Outra igreja?<\/p>\n\n\n\n<p>Identifique-se, por favor.<\/p>\n\n\n\n[Humberto de Mossor\u00f3] Depois que a gente ouviu a palavra da verdade, fomos selados com o Esp\u00edrito Santo, mas eu entendi que a gente precisa de um pouco mais, precisa da ajuda de Deus. Que possamos receber o batismo com o poder. Poder para renunciar as coisas que n\u00f3s gostamos tanto, que acredito que Deus mostrou no in\u00edcio. N\u00f3s temos tudo, n\u00f3s decidimos por n\u00f3s mesmos, resolvemos problemas. O poder que n\u00f3s temos \u00e9 natural, mas n\u00f3s precisamos \u00e9 do poder espiritual, do batismo com o Esp\u00edrito Santo, para que eu possa&#8230;por exemplo uma coisa que eu acho muito dif\u00edcil \u00e9 a quest\u00e3o do dom\u00ednio pr\u00f3prio, que \u00e9 uma coisa que vem, desde o in\u00edcio, acompanhando o homem, e s\u00f3 Jesus conseguiu isso. Depois, os disc\u00edpulos tamb\u00e9m, porque eles receberam o batismo, veio o poder do Esp\u00edrito Santo. Ent\u00e3o, eu acredito, irm\u00e3o Rossini, que \u00e9 isso que n\u00f3s precisamos buscar, da\u00ed entre essas coisas v\u00e3o vir&#8230; Com certeza, a gente vai aprender a amar, a ter miseric\u00f3rdia, a perdoar. A gente vai aprender tudo o que o dom trouxer para n\u00f3s. Ent\u00e3o, o que est\u00e1 nos faltando, nesse momento, eu acredito que \u00e9 isso. Porque n\u00f3s chegamos at\u00e9 aqui gra\u00e7as a Deus, porque eu acredito que Deus \u00e9 que tem nos preparado pra isso. Ent\u00e3o, eu acredito que, de agora em diante, Deus est\u00e1 querendo um pouco mais. Ent\u00e3o, eu vou sair daqui tamb\u00e9m muito preocupado em buscar a Deus para isso.<\/p>\n\n\n\n<p>Am\u00e9m.<\/p>\n\n\n\n[J\u00fanior de Palmas] Eu concordo com todos. E, nesses dias, vendo o senhor falando aqui de perto, a gente observa que \u00e9 a boca do Senhor falando, mas, na verdade, \u00e9 muito mais que isso. Deus estava falando comigo, conosco, porque s\u00f3 Deus tem poder para gerar arrependimento, compuls\u00e3o. E, nesses dias, Deus gerou isto no meu cora\u00e7\u00e3o: ora alegria, ora tristeza, ora arrependimento. Mas eu acredito que, como foi dito pelo pr\u00f3prio Deus, a palavra crida&#8230; quando a gente cr\u00ea, a gente \u00e9 selado com o Esp\u00edrito, e eu acredito que Deus fez isso aqui com todos n\u00f3s. As pedras sa\u00edram na verdade da boca do senhor, porque as pedras s\u00e3o o poder de Deus que est\u00e1 justamente na palavra. Eu cri e tenho certeza que todo essa compuls\u00e3o, esse arrependimento foram essas pedras que geraram dentro de mim e eu tenho certeza que n\u00f3s vamos poder produzir melhor, agradar mais a Deus, com certeza.<\/p>\n\n\n\n<p>Am\u00e9m. L\u00e9o, de Aragua\u00edna? A\u00ed, ent\u00e3o, \u00e9 uma observa\u00e7\u00e3o sobre o que voc\u00ea viu e ouviu, como a que o Walfredo fez durante a reuni\u00e3o, que foi, no meu entender, muito interessante e preciosa. Realmente n\u00f3s temos que ver como sendo uma revela\u00e7\u00e3o o que Deus nos deu. Eu acho que pouca gente&#8230; ou como o Adriano estava falando, l\u00e1 de Fortaleza, que o entendimento que se tinha era de que se orou em l\u00ednguas j\u00e1 tinha sido batizado com o Esp\u00edrito Santo, ou ent\u00e3o nem se sabia se era uma l\u00edngua genu\u00edna, e ficava por isso mesmo. Na verdade, existe uma riqueza enorme, como foi mostrado nas vis\u00f5es, chuvas, uma quantidade enorme de dons, quando se julgava batizado com o Esp\u00edrito Santo quem orou em l\u00ednguas, mas continuava fazendo, vivendo uma vida totalmente irregular, totalmente fora. Que dizer, era uma coisa que acabava depondo contra a pr\u00f3pria igreja, maculando o nome de Jesus.<\/p>\n\n\n\n[Leo Aragua\u00edna] Am\u00e9m. Exatamente isso que eu tava aqui pensando, irm\u00e3o Rossini, a forma como Deus fez o desfecho de uma coisa que parecia t\u00e3o distante, um mist\u00e9rio, que era o batismo pelo Esp\u00edrito Santo. N\u00f3s nem imagin\u00e1vamos como ia fechar o entendimento, a conclus\u00e3o. E foi feito o desfecho de uma forma t\u00e3o simples, acerca dos dons, para mostrar para n\u00f3s que Deus \u00e9 simples, que Deus \u00e9 assim. Espera da gente realmente algo que nos mude, que realmente nos leve a nos preocupar com a unidade do corpo, com a edifica\u00e7\u00e3o do corpo. Acabar com esse neg\u00f3cio do individualismo, essa coisa de querer andar sozinho e pensar que est\u00e1 servindo a Deus. A gente precisa muito abra\u00e7ar esses dons, vindicar, como foi falado, a Deus porque a igreja realmente \u00e9 carente disso, n\u00f3s precisamos passar a ser uma igreja espiritual. Ent\u00e3o, Deus est\u00e1 dando tudo, todo o suporte, tudo aquilo que tem nos faltado. Ele tem dado a dire\u00e7\u00e3o pra gente. Ent\u00e3o, n\u00f3s s\u00f3 temos que agradecer, agradecer muito mesmo tamb\u00e9m \u00e0 igreja de Goi\u00e2nia que, pelo que eu entendi, tudo o que foi feito \u00e9 obra do Esp\u00edrito Santo para nos receber. Am\u00e9m, Deus aben\u00e7oe.<\/p>\n\n\n\n<p>Am\u00e9m. O Jos\u00e9, l\u00e1 de Lagoa. O Jos\u00e9 deu uma for\u00e7a danada l\u00e1 na cantina, n\u00e3o \u00e9? Voc\u00ea ficou satisfeito? Voc\u00ea pode fazer alguma coisa pela Igreja que est\u00e1 l\u00e1 na Lagoa? Pode. Fala a\u00ed. A igreja l\u00e1 na Lagoa, tem o pai dele, tem a m\u00e3e dele, tem a irm\u00e3 dele, ou voc\u00ea quer que sua irm\u00e3 fale?<\/p>\n\n\n\n<p>&#8211; \u00c9 porque eu tenho uma dificuldade muito grande em falar.<\/p>\n\n\n\n<p>Am\u00e9m. Ent\u00e3o passa l\u00e1 pra irm\u00e3 dele. Mas o Jos\u00e9 pode se preparar, porque com toda a sua humildade eu sei que voc\u00ea vai botar fogo na lagoa. (Risos)<\/p>\n\n\n\n[Am\u00e9m] Eu concordo com o que foi falado, foi muito importante e eu agrade\u00e7o muito por estar aqui, por ter participado, por ter aprendido e por tentar entender. Eu acredito que eu entendi, espero que Deus possa trazer para mim o Esp\u00edrito, que eu possa adquirir esse Esp\u00edrito e que, no futuro, porque eu ainda n\u00e3o fui batizada pelo Esp\u00edrito, eu consiga ser batizada. Que, a partir de hoje, eu possa aprender cada vez mais e entender melhor, porque s\u00f3 assim eu vou conseguir melhorar, s\u00f3 assim eu vou conseguir andar no caminho corretamente e eu vou muitas vezes sair do caminho, mas que Deus possa permitir que eu enxergue e volte.<\/p>\n\n\n\n<p>Am\u00e9m. Outro.<\/p>\n\n\n\n[Wilmar de Mineiros] Irm\u00e3o Rossini, eu quero agradecer por esses dias que n\u00f3s ouvimos essa palavra, a gente poder agora entender um pouco melhor essa quest\u00e3o de ser batizado com o Esp\u00edrito. A Igreja da qual n\u00f3s fazemos parte. Ent\u00e3o, isso fica mais evidente, fica mais claro pra gente, porque era dif\u00edcil pra gente entender isso, compreender como ser batizado, a situa\u00e7\u00e3o que a gente fica com o batismo espiritual, mas agora ficou claro. Trabalhar pra que a gente tenha condi\u00e7\u00e3o de receber o Esp\u00edrito de Deus e sermos merecedores disso. Eu fico grato por esses dias, mais um encontro que vai fazer uma diferen\u00e7a na vida da gente e levar a gente s\u00f3 a um crescimento, gra\u00e7as a Deus por isso.<\/p>\n\n\n\n<p>Am\u00e9m.<\/p>\n\n\n\n<p>Am\u00e9m. L\u00e1 no fundo tem Bras\u00edlia, o Felipe.<\/p>\n\n\n\n[Felipe de Bras\u00edlia] Ent\u00e3o, irm\u00e3o Rossini, eu queria falar um pouco aqui sobre o mesmo que um irm\u00e3o falou ontem, que ele foi tamb\u00e9m criado na igreja cat\u00f3lica e eu tamb\u00e9m tive essa tradi\u00e7\u00e3o e eu nunca sentia algo a mais, vamos dizer assim. Eu ia, sentava, ouvia e ia para casa. Eu achei interessante quando disse a diferen\u00e7a do batismo com o Esp\u00edrito Santo e, tamb\u00e9m, quando teve uma parte que falou da par\u00e1bola do semeador que saiu a semear. E a semente que significa a palavra de Deus. Ent\u00e3o, assim, quando isso aconteceu, h\u00e1 uns dois anos com as reuni\u00f5es l\u00e1 em Bras\u00edlia, eu fiz essa analogia de que o semeador saiu a semear, a semente foi lan\u00e7ada e eu acredito que ficou algo em mim, porque, a partir daquela semente que foi plantada, eu cri na palavra. E, assim, eu at\u00e9 comento que o crer na palavra n\u00e3o \u00e9 crer da boca pra fora, \u00e9 algo al\u00e9m, que te faz sentir algo interno de voc\u00ea, uma mudan\u00e7a. E, quando eu cri na palavra, eu acredito que a\u00ed entrou o Esp\u00edrito Santo, porque come\u00e7aram a vir algumas mudan\u00e7as que a nossa vontade da carne, quando a gente erra, quando a gente peca, \u00e9 aceitar aquilo, n\u00e3o achar aquilo como anormal, a carne acha normal. Ent\u00e3o, assim, de um tempo para c\u00e1, eu vim percebendo algo diferente nisso, quando eu erro, ou quando eu fa\u00e7o alguma coisa de errado com algu\u00e9m pr\u00f3ximo da minha fam\u00edlia ou n\u00e3o, bate aquele sentimento de culpa muito forte, que s\u00f3 me deixa mais aliviado quando eu pe\u00e7o perd\u00e3o, primeiramente pra Deus, e pe\u00e7o desculpas pro meu pr\u00f3ximo. E, assim, tamb\u00e9m uma coisa que chegou \u00e0 conclus\u00e3o pra mim que foi at\u00e9 o irm\u00e3o Chequer que, pregando l\u00e1 em Bras\u00edlia, me tocou forte que falou assim \u201cpra que voc\u00ea quer Deus na sua vida?\u201d Muita gente, claro, voc\u00ea precisa de Deus pra passar por essa carne melhor, precisa, mas o objetivo principal quando pergunta pra que eu quero Deus na minha vida eu acho que \u00e9 para o Reino de Deus, para que eu passe na minha vida aqui.<\/p>\n\n\n\n<p>Am\u00e9m. O Felipe j\u00e1 pode assumir, assumir e n\u00e3o sumir. Ele e a Camila. Am\u00e9m? Am\u00e9m, Felipe. Deus aben\u00e7oe. Quem mais? Pires do Rio?<\/p>\n\n\n\n<p>Irm\u00e3o do Maranh\u00e3o]&nbsp; Am\u00e9m, irm\u00e3o Rossini. Eu sou de Caxias, no Maranh\u00e3o. Geralmente, quem fala aqui quando o senhor prop\u00f5e as considera\u00e7\u00f5es \u00e9 meu pai. O irm\u00e3o Jos\u00e9 Domingos, l\u00e1 de Palmas. E assim, a gente foi para Aragua\u00edna e, antes de vir, teve uma reuni\u00e3o de ora\u00e7\u00e3o e l\u00e1 e eu falava a outros irm\u00e3os como \u00e9 importante estar em casa, se sentir em casa. Como \u00e9 bom sentir essa palavra t\u00e3o diferente, essa fonte t\u00e3o boa e, em rela\u00e7\u00e3o aos dons, eu olho pra tudo isso aqui, todas as vezes que eu venho e vejo o quanto Deus j\u00e1 transformou e mudou muito aqui, e tudo isso feito por pessoas que eu acredito que Deus deu dons. Enquanto o Theo falava um pouco antes do intervalo, me veio um trecho daquele louvor na cabe\u00e7a: \u201cn\u00e3o feita por m\u00e3os humanas, mas por pedras vivas\u201d. Ent\u00e3o, n\u00f3s membros temos que realmente buscar fazer a diferen\u00e7a, sair do comodismo, sair da mesmice, porque cada dia se torna mais dif\u00edcil, cada dia se torna mais complicado. Eu me lembro do encontro de 2014 que n\u00f3s viemos, a gente morava em Paroapebas, e meu pai subiu l\u00e1 e n\u00f3s todos muito empolgados com o encontro e com a palavra. E ele falou: \u201ca gente vai se esfor\u00e7ar\u201d, da\u00ed n\u00f3s come\u00e7amos a fazer reuni\u00f5es e eu pegava o viol\u00e3o e fazia o louvor, mas, como o senhor falou, se n\u00e3o cuidar desse dom, se n\u00e3o cuidar, vai esfriando, isso esfria na gente. E a\u00ed a gente chega aqui e realmente esquenta mais um pouco, a gente sente que aqui realmente a gente pode ser batizado com o Esp\u00edrito Santo. E \u00e9 isso a\u00ed, assim, voc\u00ea que tem o dom, tem que cuidar desse dom, e voc\u00ea que n\u00e3o tem, pedir para Deus. Porque eu acredito que Deus tamb\u00e9m pode tirar, se a gente n\u00e3o cuidar, se a gente n\u00e3o se esfor\u00e7ar para guardar a pedra, se n\u00e3o se esfor\u00e7ar pra guardar essa palavra. Ent\u00e3o, s\u00f3 agradecer realmente pela vida do senhor tamb\u00e9m, que \u00e9 muito importante e por tudo isso que a Igreja faz por n\u00f3s.<\/p>\n\n\n\n<p>Am\u00e9m. N\u00e3o sei se n\u00f3s vamos ter tempo pra todo mundo, o S\u00edlvio de Pires do Rio.<\/p>\n\n\n\n[S\u00edlvio de Pires do Rio] Eu achei tudo muito importante, por exemplo essa quest\u00e3o do corpo, a gente chega nessa condi\u00e7\u00e3o que est\u00e1 o vaso com \u00e1gua suja, e a gente vem j\u00e1 de muito tempo e nos encontramos, eu me encontro nessa situa\u00e7\u00e3o. A gente v\u00ea que faz coisas que n\u00e3o deveriam mais ser feitas e eu pude entender, nesse encontro, que esses dons, essas ferramentas (que eu voltando pra Pires do Rio) v\u00e3o me ajudar nessa quest\u00e3o, porque como eu vou me encaixar no corpo ou ajudar algu\u00e9m a encaixar no corpo sem esses dons, sem o Esp\u00edrito de Deus, sem essa virtude, como foi bem falado, do Esp\u00edrito Santo? \u00c9 imposs\u00edvel, porque \u00e9 Ele quem edifica. Se eu n\u00e3o permitir, se eu n\u00e3o realmente aceitar que Ele fa\u00e7a parte da minha vida, que cumpra na minha vida a palavra, que eu O aguarde. Essa \u00e9 uma chance \u00edmpar que eu tenho, que n\u00f3s temos de sermos salvos. Realmente, muito importante isso a\u00ed. Am\u00e9m.<\/p>\n\n\n\n<p>Am\u00e9m. Ent\u00e3o, n\u00f3s n\u00e3o vamos ter tempo de passar o microfone pra todo mundo, voc\u00eas me desculpem a\u00ed. Eu gostaria de ouvir ali a observa\u00e7\u00e3o final do Walfredo que d\u00e1 trabalho demais pra n\u00f3s, mas \u00e9 o mais velho. Ele n\u00e3o \u00e9 mais velho do que eu.<\/p>\n\n\n\n[Walfredo] Irm\u00e3os, n\u00f3s j\u00e1 come\u00e7amos a ver os irm\u00e3os se repetindo aqui na palavra, n\u00e3o \u00e9? Mas a palavra se renova a cada pronunciamento, ou seja, estamos dizendo o que Deus falou pra n\u00f3s. Eu estou crendo que Deus falou por n\u00f3s. Estamos dizendo que vamos voltar animados para fazer a obra do Esp\u00edrito como foi ensinado, eu creio que isso vai acontecer, eu desejo que cada um de n\u00f3s que est\u00e1 aqui seja um bra\u00e7o dessa obra, dessa caminhada. Na verdade, n\u00e3o \u00e9 muito f\u00e1cil. Quando eu fazia engenharia, o Esp\u00edrito encheu meu cora\u00e7\u00e3o de tal forma que eu n\u00e3o pude ficar na sala de aula dois anos. Eu tranquei a faculdade. Vivia de ora\u00e7\u00e3o, vivia pregando. Eu, a mesma pessoa, em Palmas, no Tocantins, assumi a secret\u00e1ria de obras da capital e de manh\u00e3 eu dizia: \u201cbom dia, Deus. At\u00e9 mais tarde, n\u00e3o d\u00e1 tempo para orar\u201d e, de noite, eu chegava: \u201cDeus, eu t\u00f4 cansado, n\u00e3o d\u00e1 pra orar\u201d. Se voc\u00ea se meter com trabalho, reserve um tempo para trabalhar para Deus, por cima de pau e pedra, uma hora, meia hora, um tempo. N\u00f3s precisamos disso, porque, Rossini, n\u00f3s n\u00e3o vamos levar a mensagem recebida aqui agora se n\u00f3s cruzarmos os bra\u00e7os. O Esp\u00edrito est\u00e1 dizendo: estamos no fim. A obra est\u00e1 no fim, a gente v\u00ea nos \u00e1udios que o Rossini nos manda, que a Igreja nos manda, o que Deus est\u00e1 falando sobre o final e agora a igreja recebe uma arma de como buscar o batismo. \u00c9 hora de buscarmos esse batismo, de corrermos contra a nossa vontade carnal, buscando a espiritualidade. Deus nos d\u00ea isso, Deus fa\u00e7a isso conosco, Deus nos d\u00ea essa gra\u00e7a. Louvado seja o seu nome, porque teve miseric\u00f3rdia de n\u00f3s e nos visitou nesses dias. Am\u00e9m.<\/p>\n\n\n\n<p>Am\u00e9m. Inclusive, Walfredo, refor\u00e7ando que, quando n\u00f3s citamos esses dias Joel: \u201ce acontecer\u00e1 nos \u00faltimos dias que eu derramarei o meu Esp\u00edrito\u201d. O Luiz tamb\u00e9m observou que, no \u00faltimo profeta, Malaquias, a profecia de Malaquias deixou bem claro sobre preparar o caminho do Senhor, preparar para o Senhor voltar. Quando n\u00f3s falamos: \u201cent\u00e3o vereis a diferen\u00e7a entre o que serve a Deus e o que n\u00e3o serve a Deus\u201d. Ent\u00e3o, voc\u00ea vai ver pela \u00faltima vez a diferen\u00e7a entre o que serve a Deus e o que n\u00e3o serve. O minist\u00e9rio que preparou a vinda de Cristo e o minist\u00e9rio que prepara a volta de Cristo, o caminho do Senhor, tornando as pessoas diferentes.<\/p>\n\n\n\n<p>Na verdade, vai haver uma diferen\u00e7a entre os batizados com o Esp\u00edrito Santo, os que estiverem realmente fazendo a obra de Deus pelo Esp\u00edrito de Deus. A diferen\u00e7a ser\u00e1 notada. Ningu\u00e9m faz essas obras se Deus n\u00e3o for com ele. As pessoas v\u00e3o chegar e dizer \u201cvoc\u00ea n\u00e3o pode fazer isso se Deus n\u00e3o for com voc\u00ea\u201d. N\u00e3o \u00e9 isso, Walfredo? Ent\u00e3o, vai haver uma diferen\u00e7a e eu creio que essa diferen\u00e7a est\u00e1 chegando para n\u00f3s. Am\u00e9m? Infelizmente, o tempo n\u00e3o nos permite continuar, ent\u00e3o vamos ficar nossos cinco minutos sentados, orando.<\/p>\n\n\n\n<p><strong>&nbsp;&nbsp;&nbsp;&nbsp;&nbsp;&nbsp;&nbsp;&nbsp;&nbsp;&nbsp;&nbsp; ORA\u00c7\u00c3O: <\/strong>Am\u00e9m, Jesus. Pai nosso que est\u00e1 nos c\u00e9us. O Senhor colocou na nossa boca a palavra que o Senhor queria falar. O Senhor se dirigiu \u00e0 cada cora\u00e7\u00e3o e falou o que queria dizer, o que o Senhor espera da igreja, o que o Senhor espera de n\u00f3s, daqueles que o Senhor reuniu aqui neste lugar. Como naqueles dias no cen\u00e1culo, desceu sobre os nossos irm\u00e3os o Esp\u00edrito Santo e concedeu a eles poder para testemunhar do Senhor, para levar a palavra, levar a mensagem de Deus para os confins da terra, para os diversos lugares. Jerusal\u00e9m ficou cheia da doutrina do Senhor, Jerusal\u00e9m se encheu da palavra de Deus e o Esp\u00edrito do Senhor p\u00f4de ent\u00e3o encontrar os cora\u00e7\u00f5es preparados, abertos para receber as virtudes de Deus, sem as quais dificilmente n\u00f3s vamos entender, dificilmente n\u00f3s vamos compreender Deus sem o Esp\u00edrito de Deus. N\u00f3s estamos aqui, Senhor, n\u00f3s nos colocamos aqui neste lugar, como naquele dia, esperando pela miseric\u00f3rdia do Senhor, esperando, meu Deus, que cada um, cada um receba do Senhor o que ele est\u00e1 desejando. Que cada um, Senhor, pra ser a sua pedra, para ter as preciosas pedras, a verdadeira riqueza de Deus colocada \u00e0 nossa disposi\u00e7\u00e3o&#8230; Eu quero a minha, Jesus, eu quero a minha para socorrer os necessitados, eu quero a minha, Senhor Deus, para ajudar os depressivos, os oprimidos, os doentes. Eu quero a minha pedra, Senhor. Eu quero do Senhor o poder de Deus para curar os doentes, os enfermos da sua casa. Eu quero, Jesus, a minha pedra para socorrer os necessitados, libertar os cativos, oprimidos do Senhor, soltar as ligaduras da impiedade. Eu quero, Senhor Deus, a minha pedra e quero, Senhor Deus, Pai, Cristo Jesus, que o teu Esp\u00edrito n\u00e3o se afaste, n\u00e3o se retire de n\u00f3s. Que o Senhor nos d\u00ea tempo suficiente para o nosso arrependimento, para que n\u00f3s voltemos, Senhor Deus, de todo cora\u00e7\u00e3o, para ti. Perdoa, Pai, os nossos pecados, perdoa, Pai, a iniquidade do seu povo, o pecado da sua casa, perdoa, Jesus. Perdoa os nossos filhos, os nossos pais, a nossa casa. Perdoa, Jesus, n\u00e3o leva em conta, Senhor Deus. Conceda-nos, oh Deus, o dom da miseric\u00f3rdia, o dom da piedade. N\u00f3s te pedimos, oh Deus, em nome de Jesus, que nenhum de n\u00f3s saia daqui de m\u00e3os vazias, que cada um leve consigo e guarde a sua pedra, a sua joia, a sua riqueza. Obrigado, Senhor Deus. Obrigado. Am\u00e9m! Deus aben\u00e7oe, n\u00f3s estamos encerrando em nome de Jesus.<\/p>\n\n\n\n<p>&#8212;&#8212;&#8212;&#8212;&#8212;&#8212;&#8212;&#8212;&#8212;&#8212;&#8212;- FIM &#8212;&#8212;&#8212;&#8212;&#8212;&#8212;&#8212;&#8212;&#8212;&#8212;&#8212;&#8212;&#8212;-<\/p>\n\n\n<p class=\"audioplayer_container\"><span style=\"display:block;padding:5px;border:1px solid #dddddd;background:#f8f8f8\" id=\"audioplayer_1\">Audio clip: Adobe Flash Player (version 9 or above) is required to play this audio clip. Download the latest version <a href=\"http:\/\/www.adobe.com\/shockwave\/download\/download.cgi?P1_Prod_Version=ShockwaveFlash&amp;promoid=BIOW\" title=\"Download Adobe Flash Player\">here<\/a>. You also need to have JavaScript enabled in your browser.<\/span><\/p>","protected":false},"excerpt":{"rendered":"<p>12\u00aa Reuni\u00e3o &#8211; Encontro 2020 12\u00aa Reuni\u00e3o \u2013 Encontro 2020 Final do Encontro Am\u00e9m! Ent\u00e3o, vamos. J\u00e1 partirmos para o final, eu acho que o que t\u00ednhamos para falar, o que Deus colocou na nossa boca para falar, com certeza, est\u00e1 falado. Nisso conhecemos que estamos Nele e Ele em n\u00f3s. Nisso conhecemos que estamos &#8230;<\/p>\n\n\n<p class=\"audioplayer_container\"><span style=\"display:block;padding:5px;border:1px solid #dddddd;background:#f8f8f8\" id=\"audioplayer_2\">Audio clip: Adobe Flash Player (version 9 or above) is required to play this audio clip. Download the latest version <a href=\"http:\/\/www.adobe.com\/shockwave\/download\/download.cgi?P1_Prod_Version=ShockwaveFlash&amp;promoid=BIOW\" title=\"Download Adobe Flash Player\">here<\/a>. You also need to have JavaScript enabled in your browser.<\/span><\/p>","protected":false},"author":1,"featured_media":0,"comment_status":"open","ping_status":"open","sticky":false,"template":"","format":"standard","meta":[],"categories":[140],"tags":[],"_links":{"self":[{"href":"https:\/\/www.povodedeus.org\/v5\/index.php?rest_route=\/wp\/v2\/posts\/10240"}],"collection":[{"href":"https:\/\/www.povodedeus.org\/v5\/index.php?rest_route=\/wp\/v2\/posts"}],"about":[{"href":"https:\/\/www.povodedeus.org\/v5\/index.php?rest_route=\/wp\/v2\/types\/post"}],"author":[{"embeddable":true,"href":"https:\/\/www.povodedeus.org\/v5\/index.php?rest_route=\/wp\/v2\/users\/1"}],"replies":[{"embeddable":true,"href":"https:\/\/www.povodedeus.org\/v5\/index.php?rest_route=%2Fwp%2Fv2%2Fcomments&post=10240"}],"version-history":[{"count":3,"href":"https:\/\/www.povodedeus.org\/v5\/index.php?rest_route=\/wp\/v2\/posts\/10240\/revisions"}],"predecessor-version":[{"id":10312,"href":"https:\/\/www.povodedeus.org\/v5\/index.php?rest_route=\/wp\/v2\/posts\/10240\/revisions\/10312"}],"wp:attachment":[{"href":"https:\/\/www.povodedeus.org\/v5\/index.php?rest_route=%2Fwp%2Fv2%2Fmedia&parent=10240"}],"wp:term":[{"taxonomy":"category","embeddable":true,"href":"https:\/\/www.povodedeus.org\/v5\/index.php?rest_route=%2Fwp%2Fv2%2Fcategories&post=10240"},{"taxonomy":"post_tag","embeddable":true,"href":"https:\/\/www.povodedeus.org\/v5\/index.php?rest_route=%2Fwp%2Fv2%2Ftags&post=10240"}],"curies":[{"name":"wp","href":"https:\/\/api.w.org\/{rel}","templated":true}]}}