{"id":89,"date":"2010-08-26T23:16:15","date_gmt":"2010-08-26T23:16:15","guid":{"rendered":"http:\/\/www.povodedeus.org\/v4\/?p=89"},"modified":"2010-08-28T03:47:58","modified_gmt":"2010-08-28T03:47:58","slug":"quem-e-o-senhor","status":"publish","type":"post","link":"https:\/\/www.povodedeus.org\/v5\/?p=89","title":{"rendered":"Quem \u00e9 o Senhor?"},"content":{"rendered":"<p><a class=\"highslide\" onclick=\"return vz.expand(this)\" href=\"http:\/\/www.povodedeus.org\/v4\/wp-content\/uploads\/2010\/08\/senhor2.jpg\"><img loading=\"lazy\" class=\"alignnone size-medium wp-image-596\" title=\"senhor2\" src=\"http:\/\/www.povodedeus.org\/v4\/wp-content\/uploads\/2010\/08\/senhor2-300x124.jpg\" alt=\"\" width=\"300\" height=\"124\" srcset=\"https:\/\/www.povodedeus.org\/v5\/wp-content\/uploads\/2010\/08\/senhor2-300x124.jpg 300w, https:\/\/www.povodedeus.org\/v5\/wp-content\/uploads\/2010\/08\/senhor2-1024x423.jpg 1024w, https:\/\/www.povodedeus.org\/v5\/wp-content\/uploads\/2010\/08\/senhor2.jpg 1256w\" sizes=\"(max-width: 300px) 100vw, 300px\" \/><\/a><\/p>\n<p><span style=\"font-family: Verdana, Arial, Helvetica, sans-serif;\"><br \/>\nQuem \u00e9 o Senhor que nos falou no Antigo Testamento? Tem alguma import\u00e2ncia saber quem ele \u00e9? Quem seria o mais interessado na confus\u00e3o que existe quanto \u00e1 pessoa do Senhor? E, em conseq\u00fc\u00eancia disso, quem seriam os prejudicados?<br \/>\nEstaremos, nesta se\u00e7\u00e3o, chamando a sua especial aten\u00e7\u00e3o para este importante assunto. Juntos vamos meditar e entender que esse mist\u00e9rio existe, sendo no entanto, revelado aos que cr\u00eaem em Jesus Cristo: <strong>\u201cQuando, por\u00e9m, alguns deles se converte ao Senhor, o v\u00e9u lhe \u00e9 retirado\u201d<\/strong> <strong>(II Cor\u00edntios 3;16).<\/strong><\/span><\/p>\n<p>O ap\u00f3stolo Paulo, em sua Carta aos Romanos, afirma ser ele (o Senhor) o nosso Salvador, a pessoa que nos livra de todas as situa\u00e7\u00f5es nas quais julgamos necessitar de ajuda, socorro, aux\u00edlio, ref\u00fagio e salva\u00e7\u00e3o. Como est\u00e1 escrito: <strong>\u201cTodo aquele que invocar o nome do Senhor ser\u00e1 salvo. Como pois invocar\u00e3o aquele em quem n\u00e3o creram? E como crer\u00e3o se n\u00e3o h\u00e1 quem pregue?\u201d<\/strong> <strong>(Romanos 10:13-14)<\/strong>. Podemos observar que a sua afirmativa \u00e9 bastante abrangente, sendo confirmada, inclusive, por outras passagens b\u00edblicas, e suas perguntas merecem bastante reflex\u00e3o: Invocar o nome do Senhor? Crer no Senhor? Falar do Senhor?<\/p>\n<p>Todavia, como vamos invoc\u00e1-lo na hora de nossa afli\u00e7\u00e3o se n\u00e3o acreditamos nele? Se nos momentos de dificuldades, o que vem em mente s\u00e3o solu\u00e7\u00f5es puramente humanas e nomes atrav\u00e9s dos quais entendemos ser capazes de nos conceder livramento; de nos salvar daquela situa\u00e7\u00e3o inc\u00f4moda e, \u00e1s vezes, capaz de nos levar \u00e1 morte? N\u00e3o seria este o motivo pelo qual os inimigos de Deus n\u00e3o t\u00eam qualquer interesse em divulgar o nome do Senhor, uma vez que Ele deseja nos salvar, e os nossos inimigos n\u00e3o?<\/p>\n<p><strong>\u201cAssim diz o Senhor: Maldito o var\u00e3o que confia no homem, e faz da carne o seu bra\u00e7o, e aparta o seu cora\u00e7\u00e3o do Senhor! Pois \u00e9 como o jun\u00edpero no deserto, e n\u00e3o ver\u00e1 vir bem algum; antes morar\u00e1 nos lugares secos do deserto, em terra salgada e inabitada. Bendito o var\u00e3o que confia no Senhor, e cuja esperan\u00e7a \u00e9 o Senhor\u201d<\/strong> <strong>(Jeremias 17:5-7).<\/strong><\/p>\n<p>Disse ainda o Senhor por interm\u00e9dio do profeta Isa\u00edas: <strong>\u201cAnunciai e apresentai as raz\u00f5es: tomai conselho todos juntos. Quem vos mostrou isto desde a antiguidade? Quem h\u00e1 muito o anunciou? Porventura, n\u00e3o sou eu, o Senhor? Pois n\u00e3o h\u00e1 outro Deus sen\u00e3o eu; Deus justo e salvador n\u00e3o h\u00e1 al\u00e9m de mim. Olhai para mim, e sereis salvos, v\u00f3s, todos os confins da terra; porque eu sou Deus, e n\u00e3o h\u00e1 outro. Por mim mesmo jurei; j\u00e1 saiu da minha boca a palavra de justi\u00e7a e n\u00e3o tornar\u00e1 atr\u00e1s. Diante de mim se dobrar\u00e1 todo joelho, e jurar\u00e1 toda l\u00edngua. De mim se dir\u00e1: T\u00e3o somente no Senhor h\u00e1 justi\u00e7a e for\u00e7a. A ele vir\u00e3o, envergonhados, todos os que se irritarem contra ele\u201d<\/strong> <strong>(Isa\u00edas 45:21-24).<\/strong><\/p>\n<p>A verdade, por\u00e9m \u00e9 que quando algu\u00e9m conhece o Evangelho e aceita, sem nenhuma restri\u00e7\u00e3o, a doutrina de Cristo, do seu cora\u00e7\u00e3o \u00e9 retirado um v\u00e9u, permitindo-lhe ent\u00e3o enxergar com precis\u00e3o as coisas escondidas dos s\u00e1bios e inteligentes, os quais erram ao querer entrar no aprisco das ovelhas passando pelo muro e n\u00e3o pela porta.<\/p>\n<p>Dessa forma, se quisermos obter uma resposta \u00e1 pergunta inicial (Quem \u00e9 o Senhor?), \u00e9 imprescind\u00edvel que saibamos quem \u00e9 Jesus Cristo, pois tudo nos leva a crer ser ele o Senhor. Este \u00e9, necessariamente, o compromisso do Informativo Vereda. A cada edi\u00e7\u00e3o estaremos trazendo at\u00e9 voc\u00ea uma mat\u00e9ria destinada a lhe ajudar a conhecer o Senhor. Sabendo quem \u00e9 Jesus Cristo, de igual modo estaremos sabendo quem \u00e9 o Senhor e a quem iremos invocar em nossas necessidades.<\/p>\n<p><span style=\"font-family: Copperplate Gothic Bold;\"><span style=\"font-family: Arial, Helvetica, sans-serif; color: #808040; font-size: small;\"><span style=\"font-family: Verdana, Arial, Helvetica, sans-serif; color: #000000; font-size: x-small;\">INFORMATIVO VEREDA: Ano 01 &#8211; n\u00famero 01 &#8211; Goi\u00e2nia, novembro de 1999.<\/span><\/span><\/span><\/p>\n<p><span style=\"font-family: Verdana, Arial, Helvetica, sans-serif; font-size: x-small;\">O Informativo Vereda \u00e9 uma publica\u00e7\u00e3o da Gr\u00e1fica e Editora Vereda, rua das Acacias, Qd. 03, Lt. 06, Residencial dos Ip\u00eas, Goi\u00e2nia Goi\u00e1s. CEP: 74.740.000<br \/>\nTel (062) 3205-3512<\/span><\/p>\n<p><span style=\"font-family: Verdana, Arial, Helvetica, sans-serif; font-size: x-small;\">&#8220;Autorizamos o uso dos artigos desta edi\u00e7\u00e3o, desde que citada a fonte&#8221;.<\/span><\/p>\n<p><span style=\"font-family: Verdana, Arial, Helvetica, sans-serif;\"><br \/>\n<\/span><\/p>\n","protected":false},"excerpt":{"rendered":"<p>Quem \u00e9 o Senhor que nos falou no Antigo Testamento? Tem alguma import\u00e2ncia saber quem ele \u00e9? Quem seria o mais interessado na confus\u00e3o que existe quanto \u00e1 pessoa do Senhor? E, em conseq\u00fc\u00eancia disso, quem seriam os prejudicados? Estaremos, nesta se\u00e7\u00e3o, chamando a sua especial aten\u00e7\u00e3o para este importante assunto. Juntos vamos meditar e &#8230;<\/p>\n","protected":false},"author":1,"featured_media":0,"comment_status":"open","ping_status":"open","sticky":false,"template":"","format":"standard","meta":[],"categories":[15],"tags":[],"_links":{"self":[{"href":"https:\/\/www.povodedeus.org\/v5\/index.php?rest_route=\/wp\/v2\/posts\/89"}],"collection":[{"href":"https:\/\/www.povodedeus.org\/v5\/index.php?rest_route=\/wp\/v2\/posts"}],"about":[{"href":"https:\/\/www.povodedeus.org\/v5\/index.php?rest_route=\/wp\/v2\/types\/post"}],"author":[{"embeddable":true,"href":"https:\/\/www.povodedeus.org\/v5\/index.php?rest_route=\/wp\/v2\/users\/1"}],"replies":[{"embeddable":true,"href":"https:\/\/www.povodedeus.org\/v5\/index.php?rest_route=%2Fwp%2Fv2%2Fcomments&post=89"}],"version-history":[{"count":2,"href":"https:\/\/www.povodedeus.org\/v5\/index.php?rest_route=\/wp\/v2\/posts\/89\/revisions"}],"predecessor-version":[{"id":611,"href":"https:\/\/www.povodedeus.org\/v5\/index.php?rest_route=\/wp\/v2\/posts\/89\/revisions\/611"}],"wp:attachment":[{"href":"https:\/\/www.povodedeus.org\/v5\/index.php?rest_route=%2Fwp%2Fv2%2Fmedia&parent=89"}],"wp:term":[{"taxonomy":"category","embeddable":true,"href":"https:\/\/www.povodedeus.org\/v5\/index.php?rest_route=%2Fwp%2Fv2%2Fcategories&post=89"},{"taxonomy":"post_tag","embeddable":true,"href":"https:\/\/www.povodedeus.org\/v5\/index.php?rest_route=%2Fwp%2Fv2%2Ftags&post=89"}],"curies":[{"name":"wp","href":"https:\/\/api.w.org\/{rel}","templated":true}]}}